[{"@context":"https:\/\/schema.org\/","@type":"Article","@id":"https:\/\/www.bosman.cz\/i-kdyz-si-to-nemyslite-je-to-dulezite\/#Article","mainEntityOfPage":"https:\/\/www.bosman.cz\/i-kdyz-si-to-nemyslite-je-to-dulezite\/","headline":"I kdy\u017e si to nemysl\u00edte, je to d\u016fle\u017eit\u00e9","name":"I kdy\u017e si to nemysl\u00edte, je to d\u016fle\u017eit\u00e9","description":"M&Atilde;&shy;t v byt&Auml;&#8250;, dom&Auml;&#8250; i na pracovi&Aring;&iexcl;ti vhodn&Auml;&#8250; vybran&Atilde;&copy; interi&Atilde;&copy;rov&Atilde;&copy; dve&Aring;&#8482;e v&Atilde;&iexcl;m mo&Aring;&frac34;n&Atilde;&iexcl; m&Aring;&macr;&Aring;&frac34;e p&Aring;&#8482;ij&Atilde;&shy;t jako relativn&Atilde;&shy; zbyte&Auml;nost, opak je ov&Aring;&iexcl;em pravdou. Sta&Auml;&Atilde;&shy; si u&Aring;&frac34; jen uv&Auml;&#8250;domit, kolikr&Atilde;&iexcl;t denn&Auml;&#8250; doma i na pracovi&Aring;&iexcl;ti berete za kliku u dve&Aring;&#8482;&Atilde;&shy;, a to ne jednich, a u&Aring;&frac34; mo&Aring;&frac34;n&Atilde;&iexcl; budete tu&Aring;&iexcl;it, kam sv&Atilde;&frac12;m pov&Atilde;&shy;d&Atilde;&iexcl;n&Atilde;&shy;m m&Atilde;&shy;&Aring;&#8482;&Atilde;&shy;me. Na ka&Aring;&frac34;d&Atilde;&copy;m detailu z&Atilde;&iexcl;le&Aring;&frac34;&Atilde;&shy;","datePublished":"2023-02-15","dateModified":"2024-02-18","author":{"@type":"Person","@id":"https:\/\/www.bosman.cz\/author\/devene\/#Person","name":"devene","url":"https:\/\/www.bosman.cz\/author\/devene\/","identifier":1,"image":{"@type":"ImageObject","@id":"https:\/\/secure.gravatar.com\/avatar\/383247cd769f7ac317a5bcda943ec48a3c79d996598ae4564ec21a0e178126d1?s=96&d=mm&r=g","url":"https:\/\/secure.gravatar.com\/avatar\/383247cd769f7ac317a5bcda943ec48a3c79d996598ae4564ec21a0e178126d1?s=96&d=mm&r=g","height":96,"width":96}},"publisher":{"@type":"Organization","name":"bosman.cz","logo":{"@type":"ImageObject","@id":"\/logo.png","url":"\/logo.png","width":600,"height":60}},"url":"https:\/\/www.bosman.cz\/i-kdyz-si-to-nemyslite-je-to-dulezite\/","wordCount":461,"articleBody":"M&Atilde;&shy;t v byt&Auml;&#8250;, dom&Auml;&#8250; i na pracovi&Aring;&iexcl;ti vhodn&Auml;&#8250; vybran&Atilde;&copy; interi&Atilde;&copy;rov&Atilde;&copy; dve&Aring;&#8482;e v&Atilde;&iexcl;m mo&Aring;&frac34;n&Atilde;&iexcl; m&Aring;&macr;&Aring;&frac34;e p&Aring;&#8482;ij&Atilde;&shy;t jako relativn&Atilde;&shy; zbyte&Auml;nost, opak je ov&Aring;&iexcl;em pravdou. Sta&Auml;&Atilde;&shy; si u&Aring;&frac34; jen uv&Auml;&#8250;domit, kolikr&Atilde;&iexcl;t denn&Auml;&#8250; doma i na pracovi&Aring;&iexcl;ti berete za kliku u dve&Aring;&#8482;&Atilde;&shy;, a to ne jednich, a u&Aring;&frac34; mo&Aring;&frac34;n&Atilde;&iexcl; budete tu&Aring;&iexcl;it, kam sv&Atilde;&frac12;m pov&Atilde;&shy;d&Atilde;&iexcl;n&Atilde;&shy;m m&Atilde;&shy;&Aring;&#8482;&Atilde;&shy;me. Na ka&Aring;&frac34;d&Atilde;&copy;m detailu z&Atilde;&iexcl;le&Aring;&frac34;&Atilde;&shy; a zejm&Atilde;&copy;na na t&Auml;&#8250;ch takzvan&Atilde;&frac12;ch d&Aring;&macr;le&Aring;&frac34;it&Atilde;&frac12;ch detailech, mezi kter&Atilde;&copy; m&Aring;&macr;&Aring;&frac34;eme za&Aring;&#8482;adit pr&Atilde;&iexcl;v&Auml;&#8250; i v&Atilde;&frac12;pl&Aring;&#710; futer. Rozhodn&Auml;&#8250; nen&Atilde;&shy; jedno, &Auml;&Atilde;&shy;m jsou vypln&Auml;&#8250;n&Atilde;&copy; a nejde pouze o vzhled, ale tak&Atilde;&copy; o materi&Atilde;&iexcl;l. U n&Atilde;&iexcl;s naleznete velk&Atilde;&frac12; v&Atilde;&frac12;b&Auml;&#8250;r oboj&Atilde;&shy;ho.Pocit bezpe&Auml;&Atilde;&shy; a ochrana na&Aring;&iexcl;eho soukrom&Atilde;&shy;Interi&Atilde;&copy;rov&Atilde;&copy; dve&Aring;&#8482;e ov&Aring;&iexcl;em nejsou d&Aring;&macr;le&Aring;&frac34;it&Atilde;&copy; jen z pohledu estetick&Atilde;&copy;ho, jak jsme si napsali v&Atilde;&frac12;&Aring;&iexcl;e. Ale jde tak&Atilde;&copy; o n&Atilde;&iexcl;&Aring;&iexcl; pocit bezpe&Auml;&Atilde;&shy; a tak&Atilde;&copy; o ochranu na&Aring;&iexcl;eho soukrom&Atilde;&shy;. Jen m&Atilde;&iexcl;lo z n&Atilde;&iexcl;s by si asi bylo schopno p&Aring;&#8482;edstavit situaci bytu &Auml;i kancel&Atilde;&iexcl;&Aring;&#8482;&Atilde;&shy;, kde by futra zakr&Atilde;&frac12;val jen l&Atilde;&iexcl;tkov&Atilde;&frac12; z&Atilde;&iexcl;v&Auml;&#8250;s nebo dokonce v&Aring;&macr;bec nic. C&Atilde;&shy;t&Atilde;&shy;me se dob&Aring;&#8482;e, pokud se c&Atilde;&shy;t&Atilde;&shy;me v bezpe&Auml;&Atilde;&shy;, a to na&Aring;&iexcl;e produkty dok&Atilde;&iexcl;&Aring;&frac34;ou. Vyb&Atilde;&shy;rejte tedy pe&Auml;liv&Auml;&#8250;, vhodn&Auml;&#8250; si zvolte a pracujte i &Aring;&frac34;ijte ve v&Auml;&#8250;t&Aring;&iexcl;&Atilde;&shy; pohod&Auml;&#8250;.                                                                                                                                                                                                                                                                                                                                                                                        3.3\/5 - (6 votes)        "},{"@context":"https:\/\/schema.org\/","@type":"BreadcrumbList","itemListElement":[{"@type":"ListItem","position":1,"name":"I kdy\u017e si to nemysl\u00edte, je to d\u016fle\u017eit\u00e9","item":"https:\/\/www.bosman.cz\/i-kdyz-si-to-nemyslite-je-to-dulezite\/#breadcrumbitem"}]}]