[{"@context":"https:\/\/schema.org\/","@type":"Article","@id":"https:\/\/www.bosman.cz\/kdo-by-chtel-zit-s-mravenci\/#Article","mainEntityOfPage":"https:\/\/www.bosman.cz\/kdo-by-chtel-zit-s-mravenci\/","headline":"Kdo by cht\u011bl \u017e\u00edt s mravenci?","name":"Kdo by cht\u011bl \u017e\u00edt s mravenci?","description":"Mravenci, kte\u0159\u00ed \u017eij\u00ed v na\u0161ich kon\u010din\u00e1ch, jsou docela mal\u00ed a zd\u00e1nliv\u011b ne\u0161kodn\u00ed tvorov\u00e9. Kdy\u017e se na n\u011b \u010dlov\u011bk pod\u00edv\u00e1 neznal\u00fdm okem, m\u016f\u017ee lehce nab\u00fdt dojmu, \u017ee jde o tvory pro n\u00e1s lidi naprosto ne\u0161kodn\u00e9. Proto\u017ee mohlo by si snad n\u011bco tak mal\u00e9 troufnout na n\u00e1s, p\u00e1ny tvorstva? To si nedok\u00e1\u017eeme snad ani p\u0159edstavit. A je","datePublished":"2025-02-11","dateModified":"2025-02-11","author":{"@type":"Person","@id":"https:\/\/www.bosman.cz\/author\/devene\/#Person","name":"devene","url":"https:\/\/www.bosman.cz\/author\/devene\/","identifier":1,"image":{"@type":"ImageObject","@id":"https:\/\/secure.gravatar.com\/avatar\/383247cd769f7ac317a5bcda943ec48a3c79d996598ae4564ec21a0e178126d1?s=96&d=mm&r=g","url":"https:\/\/secure.gravatar.com\/avatar\/383247cd769f7ac317a5bcda943ec48a3c79d996598ae4564ec21a0e178126d1?s=96&d=mm&r=g","height":96,"width":96}},"publisher":{"@type":"Organization","name":"bosman.cz","logo":{"@type":"ImageObject","@id":"\/logo.png","url":"\/logo.png","width":600,"height":60}},"image":{"@type":"ImageObject","@id":"https:\/\/www.bosman.cz\/wp-content\/uploads\/mmmmmmmm_2.jpg","url":"https:\/\/www.bosman.cz\/wp-content\/uploads\/mmmmmmmm_2.jpg","height":0,"width":0},"url":"https:\/\/www.bosman.cz\/kdo-by-chtel-zit-s-mravenci\/","about":["Firmy"],"wordCount":443,"articleBody":"       Mravenci, kte\u0159\u00ed \u017eij\u00ed v na\u0161ich kon\u010din\u00e1ch, jsou docela mal\u00ed a zd\u00e1nliv\u011b ne\u0161kodn\u00ed tvorov\u00e9. Kdy\u017e se na n\u011b \u010dlov\u011bk pod\u00edv\u00e1 neznal\u00fdm okem, m\u016f\u017ee lehce nab\u00fdt dojmu, \u017ee jde o tvory pro n\u00e1s lidi naprosto ne\u0161kodn\u00e9. Proto\u017ee mohlo by si snad n\u011bco tak mal\u00e9 troufnout na n\u00e1s, p\u00e1ny tvorstva? To si nedok\u00e1\u017eeme snad ani p\u0159edstavit. A je faktem, \u017ee se na n\u00e1s mravenci obvykle tak\u00e9 nesesypou a osobn\u011b jsem nikdy ani nesly\u0161el o n\u011bjak\u00e9m p\u0159\u00edpadu, kdy by tito \u010dlov\u011bku z\u00e1va\u017en\u011bji ubl\u00ed\u017eili. Jist\u011b, po\u0161t\u00edpat n\u00e1s mohou, ale \u017ee bychom si pak z toho sv\u011bd\u011bn\u00ed m\u011bli d\u011blat t\u011b\u017ekou hlavu, to ne. Ale zd\u00e1n\u00ed do jist\u00e9 m\u00edry klame. A tak n\u00e1m ve skute\u010dnosti mohou i ti docela mal\u00ed mravenci nad\u011blat dost probl\u00e9m\u016f. A sta\u010d\u00ed k tomu docela m\u00e1lo. Aby se vet\u0159eli do na\u0161ich objekt\u016f a zabydleli se tu. Nikdo z n\u00e1s lid\u00ed pochopiteln\u011b nechce m\u00edt doma mraveni\u0161t\u011b. A to ani kdy\u017e nejde o onu zn\u00e1mou hromadu jehli\u010d\u00ed. Nep\u0159\u00edjemn\u00e1 je n\u00e1m i jak\u00e1koliv jin\u00e1 mraven\u010d\u00ed stavba, ve kter\u00e9 se u n\u00e1s tito zabydl\u00ed. Proto\u017ee oni nejsou jenom n\u011bkde nen\u00e1padn\u011b a ne\u010dinn\u011b zalezl\u00ed. Oni tak\u00e9 dok\u00e1\u017eou \u010dasto p\u00e1chat \u0161kody na na\u0161em majetku. Vrhnou se n\u00e1m na jak\u00e9koliv potraviny, kter\u00e9 jim nech\u00e1me aspo\u0148 relativn\u011b dostupn\u00e9, a znehodnocuj\u00ed je, ale tak\u00e9 jsou schopni rozkous\u00e1vat d\u0159ev\u011bn\u00e9 a jin\u00e9 poddajn\u011bj\u0161\u00ed \u010d\u00e1sti na\u0161ich staveb. A to u\u017e jdou \u017eerty stranou. A kdy\u017e se kv\u016fli nim nav\u00edc t\u0159eba mus\u00edme v jednom kuse \u0161kr\u00e1bat, proto\u017ee n\u00e1s po\u0161t\u00edpou, kdykoliv se jim znel\u00edb\u00edme, u\u017e to v\u00e1\u017en\u011b sta\u010d\u00ed. Mravence ale nep\u0159emluv\u00edme, aby se od n\u00e1s odst\u011bhovali, proto\u017ee s nimi nechceme b\u00fdt pod jednou st\u0159echou. Kdy\u017e se jich chceme zbavit, pom\u016f\u017ee jedin\u011b likvidace mravenc\u016f https:\/\/www.dezimex.cz\/hubeni-mravencu\/. A to nejl\u00e9pe ta profesion\u00e1ln\u00ed. Proto\u017ee sice i my amat\u00e9\u0159i se\u017eeneme n\u011bkde n\u011bjak\u00e9 ty spreje, je\u017e viditeln\u011b ned\u011blaj\u00ed mravenc\u016fm dob\u0159e, ale zahub\u00edme obvykle jenom ty mravence, kte\u0159\u00ed se n\u00e1m p\u0159ipletou do cesty. A ti ostatn\u00ed si u n\u00e1s vesele \u017eij\u00ed d\u00e1l. Prost\u011b s nimi mus\u00edme \u00fa\u010dinn\u011b bojovat, abychom se jich zbavili. Proto\u017ee dokud se tak nestane, nebudeme se s nimi doma c\u00edtit nejl\u00e9pe.                                                                                                                                                                                                                                                                                                                                                                                          4.3\/5 - (9 votes)        "},{"@context":"https:\/\/schema.org\/","@type":"BreadcrumbList","itemListElement":[{"@type":"ListItem","position":1,"name":"Kdo by cht\u011bl \u017e\u00edt s mravenci?","item":"https:\/\/www.bosman.cz\/kdo-by-chtel-zit-s-mravenci\/#breadcrumbitem"}]}]