[{"@context":"https:\/\/schema.org\/","@type":"Article","@id":"https:\/\/www.bosman.cz\/nejstarsi-kmen-na-svete\/#Article","mainEntityOfPage":"https:\/\/www.bosman.cz\/nejstarsi-kmen-na-svete\/","headline":"Nejstar\u0161\u00ed kmen na sv\u011bt\u011b","name":"Nejstar\u0161\u00ed kmen na sv\u011bt\u011b","description":"K\u0159ov\u00e1ci jsou nejstar\u0161\u00ed etnikum na sv\u011bt\u011b. Jsou to p\u016fvodn\u00ed obyvatele ji\u017en\u00ed Afriky, Zimbabwe, Mosambiku, Angoly a dal\u0161\u00edch dne\u0161n\u00edch zem\u00ed. Nejd\u0159\u00edve ob\u00fdvali skoro celou ji\u017en\u00ed \u010d\u00e1st Afriky, ale postupn\u011b byli dal\u0161\u00edmi kmeny a pozd\u011bji tak\u00e9 b\u011blochy surov\u011b zatla\u010deni a\u017e do nejsu\u0161\u0161\u00edch a nejm\u00e9n\u011b hostinn\u00fdch \u010d\u00e1st\u00ed Namibie a Botswany. Jejich zp\u016fsob \u017eivota byl po dlouhou dobu \u00fapln\u011b","datePublished":"2021-11-21","dateModified":"2023-05-01","author":{"@type":"Person","@id":"https:\/\/www.bosman.cz\/author\/devene\/#Person","name":"devene","url":"https:\/\/www.bosman.cz\/author\/devene\/","identifier":1,"image":{"@type":"ImageObject","@id":"https:\/\/secure.gravatar.com\/avatar\/383247cd769f7ac317a5bcda943ec48a3c79d996598ae4564ec21a0e178126d1?s=96&d=mm&r=g","url":"https:\/\/secure.gravatar.com\/avatar\/383247cd769f7ac317a5bcda943ec48a3c79d996598ae4564ec21a0e178126d1?s=96&d=mm&r=g","height":96,"width":96}},"publisher":{"@type":"Organization","name":"bosman.cz","logo":{"@type":"ImageObject","@id":"\/logo.png","url":"\/logo.png","width":600,"height":60}},"image":{"@type":"ImageObject","@id":"https:\/\/www.bosman.cz\/wp-content\/uploads\/bushman-g6acc32434_640.jpg","url":"https:\/\/www.bosman.cz\/wp-content\/uploads\/bushman-g6acc32434_640.jpg","height":0,"width":0},"url":"https:\/\/www.bosman.cz\/nejstarsi-kmen-na-svete\/","about":["Spole\u010dnost"],"wordCount":380,"articleBody":"K\u0159ov\u00e1ci jsou nejstar\u0161\u00ed etnikum na sv\u011bt\u011b. Jsou to p\u016fvodn\u00ed obyvatele ji\u017en\u00ed Afriky, Zimbabwe, Mosambiku, Angoly a dal\u0161\u00edch dne\u0161n\u00edch zem\u00ed. Nejd\u0159\u00edve ob\u00fdvali skoro celou ji\u017en\u00ed \u010d\u00e1st Afriky, ale postupn\u011b byli dal\u0161\u00edmi kmeny a pozd\u011bji tak\u00e9 b\u011blochy surov\u011b zatla\u010deni a\u017e do nejsu\u0161\u0161\u00edch a nejm\u00e9n\u011b hostinn\u00fdch \u010d\u00e1st\u00ed Namibie a Botswany. Jejich zp\u016fsob \u017eivota byl po dlouhou dobu \u00fapln\u011b nem\u011bnn\u00fd, natolik, \u017ee se d\u00edky n\u011bmu stali proslul\u00ed. A\u017e v\u00a0posledn\u00edch letech byli p\u0159inuceni zm\u011bnit sv\u016fj styl \u017eivota a p\u0159iklonit se k\u00a0zem\u011bd\u011blstv\u00ed a chovu. \u00a0\u00a0\u00a0\u00a0\u00a0 Jejich po\u010det se dnes odhaduje na 50\u00a0000. Jedn\u00e1 se snad o nejstar\u0161\u00ed n\u00e1rod na sv\u011bt\u011b. Od zbytku populace se geneticky li\u0161\u00ed, co\u017e znamen\u00e1 \u017ee pro\u0161li jin\u00fdm v\u00fdvojem ne\u017e ostatn\u00ed. Rozd\u00edly jsou pozorovateln\u00e9 na fyzick\u00e9 \u00farovni. Jejich vzr\u016fst je velmi mal\u00fd, v\u00a0pr\u016fm\u011bru dosahuj\u00ed v\u00fd\u0161ky 145 centimetr\u016f. A pro \u017eeny z\u00a0tohoto kmene je typick\u00e1 steatopygie, co\u017e znamen\u00e1 hromad\u011bn\u00ed tuku v\u00a0oblasti h\u00fd\u017ed\u00ed. \u00a0\u00a0\u00a0\u00a0\u00a0\u00a0\u00a0\u00a0\u00a0\u00a0\u00a0\u00a0\u00a0 Co se t\u00fd\u010de jejich \u017eivota ve spole\u010dnosti, maj\u00ed ve sv\u00e9m kmeni n\u00e1\u010deln\u00edka, co\u017e je titul, kter\u00fd se d\u011bd\u00ed z\u00a0generace na generaci. Moc ale nem\u00e1 p\u0159\u00edli\u0161 velkou, mnoh\u00e9 spory nebo dohody si \u010dlenov\u00e9 \u0159\u00edd\u00ed sami mezi sebou na z\u00e1klad\u011b \u00fastn\u00ed domluvy. Z\u00a0r\u016fzn\u00fdch cestopis\u016f v\u00edme, \u017ee zde kv\u016fli nep\u0159\u00edli\u0161 kvalitn\u00ed strav\u011b nen\u00ed jednoduch\u00e9 po\u010d\u00edt a porodit d\u00edt\u011b, proto t\u011bm, co ji\u017e jsou na sv\u011bt\u011b, zde pat\u0159\u00ed m\u00edrn\u00e9 a vl\u00eddn\u00e9 zach\u00e1zen\u00ed. To se tak\u00e9 projev\u00ed na chov\u00e1n\u00ed d\u011bt\u00ed, ty jsou klidn\u00e9 a dob\u0159e vychovan\u00e9. P\u0159irozen\u011b se zde nijak neodd\u011bluje jedno pohlav\u00ed od druh\u00e9ho, tak\u017ee se zde nevyskytuje panova\u010dnost \u010di pod\u0159\u00edzenost jednoho. Sv\u016fj \u010das tr\u00e1v\u00ed se skupin\u00e1ch, kde prob\u00edh\u00e1 \u017eiv\u00e1 konverzace, z\u00e1bava, tanec a zp\u011bv. Jejich obydl\u00ed jsou v\u017edy pouze do\u010dasn\u00e1, vyroben\u00e1 z\u00a0tr\u00e1vy nebo d\u0159\u00edvek, kter\u00e1 sesb\u00edraj\u00ed. Jeliko\u017e jsou z\u00e1visl\u00ed na tom, co jim poskytne p\u0159\u00edroda, neust\u00e1le se mus\u00ed st\u011bhovat, aby nach\u00e1zeli nov\u00e9 oblasti a alespo\u0148 minim\u00e1ln\u00edm zelen\u00fdm porostem.                                                                                                                                                                                                                                                                                                                                                                                        4.6\/5 - (7 votes)        "},{"@context":"https:\/\/schema.org\/","@type":"BreadcrumbList","itemListElement":[{"@type":"ListItem","position":1,"name":"Nejstar\u0161\u00ed kmen na sv\u011bt\u011b","item":"https:\/\/www.bosman.cz\/nejstarsi-kmen-na-svete\/#breadcrumbitem"}]}]