[{"@context":"https:\/\/schema.org\/","@type":"Article","@id":"https:\/\/www.bosman.cz\/pece-o-africkeho-sneka\/#Article","mainEntityOfPage":"https:\/\/www.bosman.cz\/pece-o-africkeho-sneka\/","headline":"P\u00e9\u010de o africk\u00e9ho \u0161neka","name":"P\u00e9\u010de o africk\u00e9ho \u0161neka","description":"T\u00e9m\u011b\u0159 ka\u017ed\u00fd jsme se v\u00a0\u017eivot\u011b setkali se \u0161nekem. Jestli\u017ee jste pro\u017e\u00edvali sv\u00e9 d\u011btstv\u00ed venku, na h\u0159i\u0161t\u00edch a na zahrad\u00e1ch, tak jste zde mohli spat\u0159it tohoto tvore\u010dka hlavn\u011b po de\u0161t\u00edch nebo ve vlhk\u00fdch a mokr\u00fdch podm\u00ednk\u00e1ch. Toto zv\u00ed\u0159\u00e1tko tedy jist\u011b v\u0161ichni zn\u00e1me. Na sv\u011bt\u011b existuj\u00ed i jin\u00e1 zv\u00ed\u0159\u00e1tka, kter\u00e9 jsou t\u00e9m\u011b\u0159 stejn\u00e9 jen maj\u00ed v\u011bt\u0161\u00ed \u010di","datePublished":"2025-03-07","dateModified":"2023-05-01","author":{"@type":"Person","@id":"https:\/\/www.bosman.cz\/author\/devene\/#Person","name":"devene","url":"https:\/\/www.bosman.cz\/author\/devene\/","identifier":1,"image":{"@type":"ImageObject","@id":"https:\/\/secure.gravatar.com\/avatar\/383247cd769f7ac317a5bcda943ec48a3c79d996598ae4564ec21a0e178126d1?s=96&d=mm&r=g","url":"https:\/\/secure.gravatar.com\/avatar\/383247cd769f7ac317a5bcda943ec48a3c79d996598ae4564ec21a0e178126d1?s=96&d=mm&r=g","height":96,"width":96}},"publisher":{"@type":"Organization","name":"bosman.cz","logo":{"@type":"ImageObject","@id":"\/logo.png","url":"\/logo.png","width":600,"height":60}},"image":{"@type":"ImageObject","@id":"https:\/\/www.bosman.cz\/wp-content\/uploads\/img_a339592_w2321_t1552761876.jpg","url":"https:\/\/www.bosman.cz\/wp-content\/uploads\/img_a339592_w2321_t1552761876.jpg","height":0,"width":0},"url":"https:\/\/www.bosman.cz\/pece-o-africkeho-sneka\/","wordCount":412,"articleBody":"T\u00e9m\u011b\u0159 ka\u017ed\u00fd jsme se v\u00a0\u017eivot\u011b setkali se \u0161nekem. Jestli\u017ee jste pro\u017e\u00edvali sv\u00e9 d\u011btstv\u00ed venku, na h\u0159i\u0161t\u00edch a na zahrad\u00e1ch, tak jste zde mohli spat\u0159it tohoto tvore\u010dka hlavn\u011b po de\u0161t\u00edch nebo ve vlhk\u00fdch a mokr\u00fdch podm\u00ednk\u00e1ch. Toto zv\u00ed\u0159\u00e1tko tedy jist\u011b v\u0161ichni zn\u00e1me. Na sv\u011bt\u011b existuj\u00ed i jin\u00e1 zv\u00ed\u0159\u00e1tka, kter\u00e9 jsou t\u00e9m\u011b\u0159 stejn\u00e9 jen maj\u00ed v\u011bt\u0161\u00ed \u010di men\u0161\u00ed velikost. Toto se t\u00fdk\u00e1 i tohoto zv\u00ed\u0159\u00e1tka, ale je to africk\u00fd druh. Tento druh je v\u011bt\u0161\u00ed ne\u017e ti, kter\u00e9 jste mohli potkat pr\u00e1v\u011b na zahrad\u011b nebo n\u011bkde v\u00a0tr\u00e1v\u011b \u010di na mamin\u010din\u011b zahr\u00e1dce.Je to takzvan\u00fd suchozemsk\u00fd pl\u017e, kter\u00fd \u017eije hlavn\u011b v\u00a0Africe nej\u010dast\u011bji jej nalezneme v\u00a0tropick\u00e9m lesu. \u0158ad\u00ed se mezi nejv\u011bt\u0161\u00ed suchozemsk\u00e9 pl\u017ee, proto\u017ee dor\u016fstaj\u00ed velikosti dvaceti centimetr\u016f, a to se bav\u00edme pouze o ulit\u011b.Do\u017e\u00edvaj\u00ed se p\u011bti a\u017e sedmi let, ale v\u00a0zajet\u00ed i deseti. Jejich pohyb je umo\u017en\u011bn svalnatou nohou.Jejich ulita je nej\u010dast\u011bji zbarven\u00e1 do hn\u011bda. Na ulit\u011b se mohou nach\u00e1zet sv\u011btl\u00e9 prou\u017eky. Mohou m\u00edt tak\u00e9 kr\u00e9movou barvu. Zbarven\u00ed z\u00e1le\u017e\u00ed na tom, kde \u017eij\u00ed a \u010d\u00edm se stravuj\u00ed. D\u00edky ulit\u011b m\u016f\u017eeme poznat, jak je na tom \u0161nek se zdrav\u00edm. Pokud se ulita rozbije, mus\u00edme ji spravit. K\u00a0tomu, aby byla kr\u00e1sn\u00e1 a pevn\u00e1 \u0161neci pot\u0159ebuj\u00ed j\u00edst s\u00e9piovou kost.V\u00a0\u010cesk\u00e9 republice ne\u017eije tento druh voln\u011b v\u00a0p\u0159\u00edrod\u011b. Po\u0159\u00eddit si jej m\u016f\u017eete zakoupen\u00edm ve zverimexu nebo p\u0159\u00edmo od chovatele.Jejich strava nen\u00ed pro chovatele nijak n\u00e1ro\u010dn\u00e1. Ve voln\u00e9 p\u0159\u00edrod\u011b se \u017eiv\u00ed popadan\u00fdm ovocem a r\u016fzn\u00fdmi listy. V\u00a0zajet\u00ed jim lid\u00e9 mohou d\u00e1vat r\u016fzn\u00e9 druhy ovoce a zeleniny. Namo\u010den\u00e9 pi\u0161koty, uva\u0159en\u00e9 brambory, s\u00e9piovou kost a r\u016fzn\u00e9 listy, kter\u00e9 najdeme na zahrad\u011b. P\u0159\u00edkladem m\u016f\u017ee b\u00fdt pampeli\u0161ka.K\u00a0chovu pro n\u011b pot\u0159ebujeme m\u00edt n\u011bjak\u00e9 um\u00edst\u011bn\u00ed. Nej\u010dast\u011bji si m\u016f\u017eete po\u0159\u00eddit akv\u00e1rko nebo ter\u00e1rko. Jako podest\u00fdlka slou\u017e\u00ed kokosov\u00e9 vl\u00e1kno.Jejich chov nen\u00ed n\u00e1ro\u010dn\u00fd. Finan\u010dn\u011b ani jinou formou V\u00e1s moc nezat\u00ed\u017e\u00ed. Ve zverimexu se jejich cena pohybuje okolo t\u0159iceti a\u017e pades\u00e1ti korun.                                                                                                                                                                                                                                                                                                                                                                                        5\/5 - (4 votes)        "},{"@context":"https:\/\/schema.org\/","@type":"BreadcrumbList","itemListElement":[{"@type":"ListItem","position":1,"name":"P\u00e9\u010de o africk\u00e9ho \u0161neka","item":"https:\/\/www.bosman.cz\/pece-o-africkeho-sneka\/#breadcrumbitem"}]}]